{"id":326,"date":"2013-07-27T19:49:00","date_gmt":"2013-07-27T19:49:00","guid":{"rendered":"http:\/\/bastogne.tv\/index.php\/2013\/07\/27\/f0g89m2dqu4\/"},"modified":"2021-03-13T17:02:13","modified_gmt":"2021-03-13T16:02:13","slug":"residence-dary-a-lile-rousse-en-haute-corse","status":"publish","type":"post","link":"https:\/\/bastogne.tv\/index.php\/2013\/07\/27\/residence-dary-a-lile-rousse-en-haute-corse\/","title":{"rendered":"R\u00e9sidence Dary \u00e0 L&#8217;\u00ceLe-Rousse en haute Corse"},"content":{"rendered":"<p>Contacts:<br \/>\nR\u00e9sidence Dary www.residence-dary.com<br \/>\nLieu dit Gineparo &#8211; 20220 L&#8217;Ile Rousse<br \/>\nMobile: 00 33 6 38 48 68 75<br \/>\nE-mail: dary.residence@gmail.com<\/p>\n<p>QCQS MOTS SUR ELLE ???<br \/>\n:<br \/>\nUn emplacement unique \u00e0 \u00cele Rousse mais aussi en Haute Corse. La Balagne \u00e0 fleur d&#8217;eau, la plage \u00e0 quelques m\u00e8tres pour une R\u00e9sidence de prestige.<\/p>\n<p>La R\u00e9sidence Dary est situ\u00e9e dans l&#8217;imm\u00e9diate proximit\u00e9 d&#8217;une plage de sable blanc, au c\u0153ur de L&#8217;\u00cele Rousse.<\/p>\n<p>A seulement 250 m du c\u0153ur de la ville, des commerces et services, elle se d\u00e9ploie dans un contexte des plus privil\u00e9gi\u00e9s. Avec des d\u00e9cors modernes et raffin\u00e9s, la r\u00e9sidence offre une vue imprenable et un acc\u00e8s direct sur la plage \u00e0 10 m\u00e8tres \u00e0 peine !<\/p>\n<p>Son emplacement dans la continuit\u00e9 de la \u00abMarinella\u00bb, lieu incontournable du bord de mer, permettra aux r\u00e9sidents d\u02bcappr\u00e9cier en toute qui\u00e9tude, ce paysage impr\u00e9gn\u00e9 de lumi\u00e8re, de beaut\u00e9 et de couleurs. Vous vous sentirez dans un endroit privil\u00e9gi\u00e9 et unique o\u00f9 le cadre naturel se m\u00eale subtilement aux lignes \u00e9pur\u00e9es de la propri\u00e9t\u00e9.<\/p>\n<p>A quelques m\u00e8tres de la propri\u00e9t\u00e9 les restaurants de la plage vous proposent leur couvert.<\/p>\n<p>Vous \u00eates dans le cadre d&#8217;une proposition de vacances exceptionnelles, sans \u00e9quivalent en Balagne. Cette r\u00e9gion touristique regroupe les stations baln\u00e9aires de Calvi, Ile Rousse mais aussi des localit\u00e9s comme Lumio, Corbara, Monticello, Sant &#8216;Antonino dont la notori\u00e9t\u00e9 et les attraits en font des lieux pris\u00e9s.<\/p>\n<p>A quelques encablures du c\u0153ur de l&#8217;Ile-Rousse et \u00e0 proximit\u00e9 d&#8217;une plage de sable blanc, La R\u00e9sidence Dary r\u00e9alise l&#8217;alliance du privil\u00e8ge entre le confort optimum d&#8217;un appartement, l&#8217;accueil chaleureux d&#8217;une maison d&#8217;h\u00f4tes et les services d&#8217;un h\u00f4tel de luxe, pour des vacances inoubliables en Corse.<br \/>\nR\u00e9sidence Dary<br \/>\nLieu dit Gineparo &#8211; 20220 L&#8217;Ile Rousse<br \/>\nMobile: 06 38 48 68 75<br \/>\nE-mail: dary.residence@gmail.com<\/p>\n<div style='text-align:center' class='yasr-auto-insert-visitor'><!--Yasr Visitor Votes Shortcode--><div id='yasr_visitor_votes_2966ff90204df' class='yasr-visitor-votes'><div class=\"yasr-custom-text-vv-before yasr-custom-text-vv-before-326\">Click to rate this post!<\/div><div id='yasr-vv-second-row-container-2966ff90204df'\r\n                                        class='yasr-vv-second-row-container'><div id='yasr-visitor-votes-rater-2966ff90204df'\r\n                                      class='yasr-rater-stars-vv'\r\n                                      data-rater-postid='326'\r\n                                      data-rating='0'\r\n                                      data-rater-starsize='24'\r\n                                      data-rater-readonly='false'\r\n                                      data-rater-nonce='9710cf9dbd'\r\n                                      data-issingular='false'\r\n                                    ><\/div><div class=\"yasr-vv-stats-text-container\" id=\"yasr-vv-stats-text-container-2966ff90204df\"><svg xmlns=\"https:\/\/www.w3.org\/2000\/svg\" width=\"20\" height=\"20\"\r\n                                   class=\"yasr-dashicons-visitor-stats\"\r\n                                   data-postid=\"326\"\r\n                                   id=\"yasr-stats-dashicon-2966ff90204df\">\r\n                                   <path d=\"M18 18v-16h-4v16h4zM12 18v-11h-4v11h4zM6 18v-8h-4v8h4z\"><\/path>\r\n                               <\/svg><span id=\"yasr-vv-text-container-2966ff90204df\" class=\"yasr-vv-text-container\">[Total: <span id=\"yasr-vv-votes-number-container-2966ff90204df\">0<\/span>  Average: <span id=\"yasr-vv-average-container-2966ff90204df\">0<\/span>]<\/span><\/div><div id='yasr-vv-loader-2966ff90204df' class='yasr-vv-container-loader'><\/div><\/div><div id='yasr-vv-bottom-container-2966ff90204df' class='yasr-vv-bottom-container'><\/div><\/div><!--End Yasr Visitor Votes Shortcode--><\/div>","protected":false},"excerpt":{"rendered":"<p>Contacts: R\u00e9sidence Dary www.residence-dary.com Lieu dit Gineparo &#8211; 20220 L&#8217;Ile Rousse Mobile: 00 33 6 38 48 68 75 E-mail: dary.residence@gmail.com QCQS MOTS SUR ELLE ??? : Un emplacement unique \u00e0 \u00cele Rousse mais aussi en Haute Corse. La Balagne \u00e0 fleur d&#8217;eau, la plage \u00e0 quelques m\u00e8tres pour une R\u00e9sidence de prestige. La R\u00e9sidence [&hellip;]<\/p>\n","protected":false},"author":2,"featured_media":328,"comment_status":"open","ping_status":"open","sticky":false,"template":"","format":"video","meta":{"pmpro_default_level":"","yasr_overall_rating":0,"yasr_post_is_review":"","yasr_auto_insert_disabled":"","yasr_review_type":"","footnotes":""},"categories":[1],"tags":[],"class_list":["post-326","post","type-post","status-publish","format-video","has-post-thumbnail","hentry","category-nos-reportages","post_format-post-format-video","pmpro-has-access"],"yoast_head":"<!-- This site is optimized with the Yoast SEO plugin v24.9 - https:\/\/yoast.com\/wordpress\/plugins\/seo\/ -->\n<title>R\u00e9sidence Dary \u00e0 L&#039;\u00ceLe-Rousse en haute Corse - Bastogne TV<\/title>\n<meta name=\"robots\" content=\"index, follow, max-snippet:-1, max-image-preview:large, max-video-preview:-1\" \/>\n<link rel=\"canonical\" href=\"https:\/\/bastogne.tv\/index.php\/2013\/07\/27\/residence-dary-a-lile-rousse-en-haute-corse\/\" class=\"yoast-seo-meta-tag\" \/>\n<meta property=\"og:locale\" content=\"en_US\" class=\"yoast-seo-meta-tag\" \/>\n<meta property=\"og:type\" content=\"article\" class=\"yoast-seo-meta-tag\" \/>\n<meta property=\"og:title\" content=\"R\u00e9sidence Dary \u00e0 L&#039;\u00ceLe-Rousse en haute Corse - Bastogne TV\" class=\"yoast-seo-meta-tag\" \/>\n<meta property=\"og:description\" content=\"Contacts: R\u00e9sidence Dary www.residence-dary.com Lieu dit Gineparo &#8211; 20220 L&#8217;Ile Rousse Mobile: 00 33 6 38 48 68 75 E-mail: dary.residence@gmail.com QCQS MOTS SUR ELLE ??? : Un emplacement unique \u00e0 \u00cele Rousse mais aussi en Haute Corse. La Balagne \u00e0 fleur d&#8217;eau, la plage \u00e0 quelques m\u00e8tres pour une R\u00e9sidence de prestige. La R\u00e9sidence [&hellip;]\" class=\"yoast-seo-meta-tag\" \/>\n<meta property=\"og:url\" content=\"https:\/\/bastogne.tv\/index.php\/2013\/07\/27\/residence-dary-a-lile-rousse-en-haute-corse\/\" class=\"yoast-seo-meta-tag\" \/>\n<meta property=\"og:site_name\" content=\"Bastogne TV\" class=\"yoast-seo-meta-tag\" \/>\n<meta property=\"article:published_time\" content=\"2013-07-27T19:49:00+00:00\" class=\"yoast-seo-meta-tag\" \/>\n<meta property=\"article:modified_time\" content=\"2021-03-13T16:02:13+00:00\" class=\"yoast-seo-meta-tag\" \/>\n<meta property=\"og:image\" content=\"https:\/\/bastogne.tv\/wp-content\/uploads\/2021\/03\/id-f0g89m2dqu4-youtube-automatic.jpg\" class=\"yoast-seo-meta-tag\" \/>\n\t<meta property=\"og:image:width\" content=\"1280\" class=\"yoast-seo-meta-tag\" \/>\n\t<meta property=\"og:image:height\" content=\"720\" class=\"yoast-seo-meta-tag\" \/>\n\t<meta property=\"og:image:type\" content=\"image\/jpeg\" class=\"yoast-seo-meta-tag\" \/>\n<meta name=\"author\" content=\"Daniel Giusto\" class=\"yoast-seo-meta-tag\" \/>\n<meta name=\"twitter:card\" content=\"summary_large_image\" class=\"yoast-seo-meta-tag\" \/>\n<meta name=\"twitter:label1\" content=\"Written by\" class=\"yoast-seo-meta-tag\" \/>\n\t<meta name=\"twitter:data1\" content=\"Daniel Giusto\" class=\"yoast-seo-meta-tag\" \/>\n\t<meta name=\"twitter:label2\" content=\"Est. reading time\" class=\"yoast-seo-meta-tag\" \/>\n\t<meta name=\"twitter:data2\" content=\"2 minutes\" class=\"yoast-seo-meta-tag\" \/>\n<script type=\"application\/ld+json\" class=\"yoast-schema-graph\">{\"@context\":\"https:\/\/schema.org\",\"@graph\":[{\"@type\":\"WebPage\",\"@id\":\"https:\/\/bastogne.tv\/index.php\/2013\/07\/27\/residence-dary-a-lile-rousse-en-haute-corse\/\",\"url\":\"https:\/\/bastogne.tv\/index.php\/2013\/07\/27\/residence-dary-a-lile-rousse-en-haute-corse\/\",\"name\":\"R\u00e9sidence Dary \u00e0 L'\u00ceLe-Rousse en haute Corse - Bastogne TV\",\"isPartOf\":{\"@id\":\"https:\/\/bastogne.tv\/#website\"},\"primaryImageOfPage\":{\"@id\":\"https:\/\/bastogne.tv\/index.php\/2013\/07\/27\/residence-dary-a-lile-rousse-en-haute-corse\/#primaryimage\"},\"image\":{\"@id\":\"https:\/\/bastogne.tv\/index.php\/2013\/07\/27\/residence-dary-a-lile-rousse-en-haute-corse\/#primaryimage\"},\"thumbnailUrl\":\"https:\/\/bastogne.tv\/wp-content\/uploads\/2021\/03\/id-f0g89m2dqu4-youtube-automatic.jpg\",\"datePublished\":\"2013-07-27T19:49:00+00:00\",\"dateModified\":\"2021-03-13T16:02:13+00:00\",\"author\":{\"@id\":\"https:\/\/bastogne.tv\/#\/schema\/person\/64b1eb2ef3f5e4dee3e76477677cbcdb\"},\"breadcrumb\":{\"@id\":\"https:\/\/bastogne.tv\/index.php\/2013\/07\/27\/residence-dary-a-lile-rousse-en-haute-corse\/#breadcrumb\"},\"inLanguage\":\"en-US\",\"potentialAction\":[{\"@type\":\"ReadAction\",\"target\":[\"https:\/\/bastogne.tv\/index.php\/2013\/07\/27\/residence-dary-a-lile-rousse-en-haute-corse\/\"]}]},{\"@type\":\"ImageObject\",\"inLanguage\":\"en-US\",\"@id\":\"https:\/\/bastogne.tv\/index.php\/2013\/07\/27\/residence-dary-a-lile-rousse-en-haute-corse\/#primaryimage\",\"url\":\"https:\/\/bastogne.tv\/wp-content\/uploads\/2021\/03\/id-f0g89m2dqu4-youtube-automatic.jpg\",\"contentUrl\":\"https:\/\/bastogne.tv\/wp-content\/uploads\/2021\/03\/id-f0g89m2dqu4-youtube-automatic.jpg\",\"width\":1280,\"height\":720},{\"@type\":\"BreadcrumbList\",\"@id\":\"https:\/\/bastogne.tv\/index.php\/2013\/07\/27\/residence-dary-a-lile-rousse-en-haute-corse\/#breadcrumb\",\"itemListElement\":[{\"@type\":\"ListItem\",\"position\":1,\"name\":\"Accueil\",\"item\":\"https:\/\/bastogne.tv\/\"},{\"@type\":\"ListItem\",\"position\":2,\"name\":\"R\u00e9sidence Dary \u00e0 L&#8217;\u00ceLe-Rousse en haute Corse\"}]},{\"@type\":\"WebSite\",\"@id\":\"https:\/\/bastogne.tv\/#website\",\"url\":\"https:\/\/bastogne.tv\/\",\"name\":\"Bastogne TV\",\"description\":\"www.Bastogne.tv sera le miroir intemporel de personnes, d&#039;activit\u00e9s, qui font que notre ville est profond\u00e9ment orient\u00e9e vers le futur.\",\"potentialAction\":[{\"@type\":\"SearchAction\",\"target\":{\"@type\":\"EntryPoint\",\"urlTemplate\":\"https:\/\/bastogne.tv\/?s={search_term_string}\"},\"query-input\":{\"@type\":\"PropertyValueSpecification\",\"valueRequired\":true,\"valueName\":\"search_term_string\"}}],\"inLanguage\":\"en-US\"},{\"@type\":\"Person\",\"@id\":\"https:\/\/bastogne.tv\/#\/schema\/person\/64b1eb2ef3f5e4dee3e76477677cbcdb\",\"name\":\"Daniel Giusto\",\"image\":{\"@type\":\"ImageObject\",\"inLanguage\":\"en-US\",\"@id\":\"https:\/\/bastogne.tv\/#\/schema\/person\/image\/\",\"url\":\"\/\/www.gravatar.com\/avatar\/a6c5bc05ea8620e0f963f0aa15a8a99c?s=96&#038;r=g&#038;d=mm\",\"contentUrl\":\"\/\/www.gravatar.com\/avatar\/a6c5bc05ea8620e0f963f0aa15a8a99c?s=96&#038;r=g&#038;d=mm\",\"caption\":\"Daniel Giusto\"},\"sameAs\":[\"http:\/\/www.reportertv.tv\"],\"url\":\"https:\/\/bastogne.tv\/index.php\/author\/misterdan\/\"},false]}<\/script>\n<!-- \/ Yoast SEO plugin. -->","yoast_head_json":{"title":"R\u00e9sidence Dary \u00e0 L'\u00ceLe-Rousse en haute Corse - Bastogne TV","robots":{"index":"index","follow":"follow","max-snippet":"max-snippet:-1","max-image-preview":"max-image-preview:large","max-video-preview":"max-video-preview:-1"},"canonical":"https:\/\/bastogne.tv\/index.php\/2013\/07\/27\/residence-dary-a-lile-rousse-en-haute-corse\/","og_locale":"en_US","og_type":"article","og_title":"R\u00e9sidence Dary \u00e0 L'\u00ceLe-Rousse en haute Corse - Bastogne TV","og_description":"Contacts: R\u00e9sidence Dary www.residence-dary.com Lieu dit Gineparo &#8211; 20220 L&#8217;Ile Rousse Mobile: 00 33 6 38 48 68 75 E-mail: dary.residence@gmail.com QCQS MOTS SUR ELLE ??? : Un emplacement unique \u00e0 \u00cele Rousse mais aussi en Haute Corse. La Balagne \u00e0 fleur d&#8217;eau, la plage \u00e0 quelques m\u00e8tres pour une R\u00e9sidence de prestige. La R\u00e9sidence [&hellip;]","og_url":"https:\/\/bastogne.tv\/index.php\/2013\/07\/27\/residence-dary-a-lile-rousse-en-haute-corse\/","og_site_name":"Bastogne TV","article_published_time":"2013-07-27T19:49:00+00:00","article_modified_time":"2021-03-13T16:02:13+00:00","og_image":[{"width":1280,"height":720,"url":"https:\/\/bastogne.tv\/wp-content\/uploads\/2021\/03\/id-f0g89m2dqu4-youtube-automatic.jpg","type":"image\/jpeg"}],"author":"Daniel Giusto","twitter_card":"summary_large_image","twitter_misc":{"Written by":"Daniel Giusto","Est. reading time":"2 minutes"},"schema":{"@context":"https:\/\/schema.org","@graph":[{"@type":"WebPage","@id":"https:\/\/bastogne.tv\/index.php\/2013\/07\/27\/residence-dary-a-lile-rousse-en-haute-corse\/","url":"https:\/\/bastogne.tv\/index.php\/2013\/07\/27\/residence-dary-a-lile-rousse-en-haute-corse\/","name":"R\u00e9sidence Dary \u00e0 L'\u00ceLe-Rousse en haute Corse - Bastogne TV","isPartOf":{"@id":"https:\/\/bastogne.tv\/#website"},"primaryImageOfPage":{"@id":"https:\/\/bastogne.tv\/index.php\/2013\/07\/27\/residence-dary-a-lile-rousse-en-haute-corse\/#primaryimage"},"image":{"@id":"https:\/\/bastogne.tv\/index.php\/2013\/07\/27\/residence-dary-a-lile-rousse-en-haute-corse\/#primaryimage"},"thumbnailUrl":"https:\/\/bastogne.tv\/wp-content\/uploads\/2021\/03\/id-f0g89m2dqu4-youtube-automatic.jpg","datePublished":"2013-07-27T19:49:00+00:00","dateModified":"2021-03-13T16:02:13+00:00","author":{"@id":"https:\/\/bastogne.tv\/#\/schema\/person\/64b1eb2ef3f5e4dee3e76477677cbcdb"},"breadcrumb":{"@id":"https:\/\/bastogne.tv\/index.php\/2013\/07\/27\/residence-dary-a-lile-rousse-en-haute-corse\/#breadcrumb"},"inLanguage":"en-US","potentialAction":[{"@type":"ReadAction","target":["https:\/\/bastogne.tv\/index.php\/2013\/07\/27\/residence-dary-a-lile-rousse-en-haute-corse\/"]}]},{"@type":"ImageObject","inLanguage":"en-US","@id":"https:\/\/bastogne.tv\/index.php\/2013\/07\/27\/residence-dary-a-lile-rousse-en-haute-corse\/#primaryimage","url":"https:\/\/bastogne.tv\/wp-content\/uploads\/2021\/03\/id-f0g89m2dqu4-youtube-automatic.jpg","contentUrl":"https:\/\/bastogne.tv\/wp-content\/uploads\/2021\/03\/id-f0g89m2dqu4-youtube-automatic.jpg","width":1280,"height":720},{"@type":"BreadcrumbList","@id":"https:\/\/bastogne.tv\/index.php\/2013\/07\/27\/residence-dary-a-lile-rousse-en-haute-corse\/#breadcrumb","itemListElement":[{"@type":"ListItem","position":1,"name":"Accueil","item":"https:\/\/bastogne.tv\/"},{"@type":"ListItem","position":2,"name":"R\u00e9sidence Dary \u00e0 L&#8217;\u00ceLe-Rousse en haute Corse"}]},{"@type":"WebSite","@id":"https:\/\/bastogne.tv\/#website","url":"https:\/\/bastogne.tv\/","name":"Bastogne TV","description":"www.Bastogne.tv sera le miroir intemporel de personnes, d&#039;activit\u00e9s, qui font que notre ville est profond\u00e9ment orient\u00e9e vers le futur.","potentialAction":[{"@type":"SearchAction","target":{"@type":"EntryPoint","urlTemplate":"https:\/\/bastogne.tv\/?s={search_term_string}"},"query-input":{"@type":"PropertyValueSpecification","valueRequired":true,"valueName":"search_term_string"}}],"inLanguage":"en-US"},{"@type":"Person","@id":"https:\/\/bastogne.tv\/#\/schema\/person\/64b1eb2ef3f5e4dee3e76477677cbcdb","name":"Daniel Giusto","image":{"@type":"ImageObject","inLanguage":"en-US","@id":"https:\/\/bastogne.tv\/#\/schema\/person\/image\/","url":"\/\/www.gravatar.com\/avatar\/a6c5bc05ea8620e0f963f0aa15a8a99c?s=96&#038;r=g&#038;d=mm","contentUrl":"\/\/www.gravatar.com\/avatar\/a6c5bc05ea8620e0f963f0aa15a8a99c?s=96&#038;r=g&#038;d=mm","caption":"Daniel Giusto"},"sameAs":["http:\/\/www.reportertv.tv"],"url":"https:\/\/bastogne.tv\/index.php\/author\/misterdan\/"},false]}},"yasr_visitor_votes":{"stars_attributes":{"read_only":false,"span_bottom":false},"number_of_votes":0,"sum_votes":0},"cmb2":{"poster_feature_image":{"vid_m_player_background":"","vid_m_poster_image":"","vid_m_poster_image_id":""},"gif_feature_image":{"vid_m_gif_image":"","vid_m_gif_image_id":""},"video_movie_settings":{"vid_m_director":"","vid_m_actor":"","vid_m_imdb_ratings":"","vid_m_amazon_associates":"","vid_m_vid_tmdb_movie":"","vid_m_vid_tmdb_tv_shows":"","vid_m_vid_tmdb_thumb":""},"vid_ads_m_videoads_settings_post":{"vid_ads_m_video_ads":"","vid_ads_m_video_ads_type":"","vid_ads_m_group_google_ima":"","vid_ads_m_group_image":"","vid_ads_m_group_html5_video":"","vid_ads_m_group_html":"","vid_ads_m_vpaid_mode":"","vid_ads_m_vast_preroll":"","vid_ads_m_vast_postroll":"","vid_ads_m_vast_pauseroll":"","vid_ads_m_vast_midroll":"","vid_ads_m_group_dynamic":"","vid_ads_m_time_to_show_ads":"","vid_ads_m_time_skip_ads":"","vid_ads_m_time_to_hide_ads":""},"feature_image_settings":{"feature_image_position":""},"video_player_settings":{"single_video_style":"","video_player_position":"","vm_video_url_btn_choose":"","vm_video_url_btn_choose_id":"","vm_video_url":"https:\/\/www.youtube.com\/watch?v=f0G89m2dqu4","vm_video_ratio":"","vm_video_ratio_mobile":"","video_player_library":"","plyr_player":"","video_streaming":"","vm_video_shortcode":"","vm_video_timelapse":"","vm_media_subtitles":"","vm_media_sources":"","vid_vtt_preview":"","vid_vtt_preview_vtt_file":"","vid_vtt_preview_vtt_file_id":"","vid_vtt_preview_sprite_image":"","vid_vtt_preview_sprite_image_id":"","vid_auto_play":"","vid_preview_mode":"","vm_screenshot_preview":"","vid_tags":"","vid_p_sync_playlist":"","vid_c_sync_channel":"","get_post_format":"","multiple_links_structure":"","multi_links_title":"","original_video_title":"","multi_links_series":"","vm_video_multi_links":"","vm_duration":"08:47","vid_social_locker":"","vid_locker_mode":"","vid_social_locker_id":"","vid_social_email_locker_id":"","vid_social_signin_locker_id":"","sv_login_to_watch":"","vid_membership_action":"","vm_video_trailer_url":"","vid_download_type":"","vid_download_target":"","vid_woo_product":"","vid_download_mode":"","vid_download_mode_trailer":"","vm_media_download":"","user_rating":"","user_rating_position":"","user_rating_mode":"","user_rating_multi_sets":"","ads_above_single_player":""},"video_auto_fetch_settings":{"vm_video_fetch":""},"video_fake_views_likes":{"vm_fake_views":"","vm_fake_likes":"","vm_fake_dislikes":""},"gallery_settings":{"gallery_position":""},"quote_settings":{"quote_position":""},"post_options":{"main_layout":"","main_logo":"","main_logo_id":"","main_logo_retina":"","main_logo_retina_id":"","main_logo_mobile":"","main_logo_mobile_id":"","main_logo_mobile_retina":"","main_logo_mobile_retina_id":"","sticky_logo":"","sticky_logo_id":"","sticky_logo_retina":"","sticky_logo_retina_id":"","main_nav_layout":"","header_background":"","theme_sidebar":"","single_post_comment_type":"","theme_background":""}},"_links":{"self":[{"href":"https:\/\/bastogne.tv\/index.php\/wp-json\/wp\/v2\/posts\/326","targetHints":{"allow":["GET"]}}],"collection":[{"href":"https:\/\/bastogne.tv\/index.php\/wp-json\/wp\/v2\/posts"}],"about":[{"href":"https:\/\/bastogne.tv\/index.php\/wp-json\/wp\/v2\/types\/post"}],"author":[{"embeddable":true,"href":"https:\/\/bastogne.tv\/index.php\/wp-json\/wp\/v2\/users\/2"}],"replies":[{"embeddable":true,"href":"https:\/\/bastogne.tv\/index.php\/wp-json\/wp\/v2\/comments?post=326"}],"version-history":[{"count":2,"href":"https:\/\/bastogne.tv\/index.php\/wp-json\/wp\/v2\/posts\/326\/revisions"}],"predecessor-version":[{"id":329,"href":"https:\/\/bastogne.tv\/index.php\/wp-json\/wp\/v2\/posts\/326\/revisions\/329"}],"wp:featuredmedia":[{"embeddable":true,"href":"https:\/\/bastogne.tv\/index.php\/wp-json\/wp\/v2\/media\/328"}],"wp:attachment":[{"href":"https:\/\/bastogne.tv\/index.php\/wp-json\/wp\/v2\/media?parent=326"}],"wp:term":[{"taxonomy":"category","embeddable":true,"href":"https:\/\/bastogne.tv\/index.php\/wp-json\/wp\/v2\/categories?post=326"},{"taxonomy":"post_tag","embeddable":true,"href":"https:\/\/bastogne.tv\/index.php\/wp-json\/wp\/v2\/tags?post=326"}],"curies":[{"name":"wp","href":"https:\/\/api.w.org\/{rel}","templated":true}]}}